{"id":1822,"date":"2019-07-01T14:12:53","date_gmt":"2019-07-01T12:12:53","guid":{"rendered":"http:\/\/ttc1946weinheim.de\/?p=1822"},"modified":"2019-08-15T14:20:59","modified_gmt":"2019-08-15T12:20:59","slug":"elementor-1822","status":"publish","type":"post","link":"https:\/\/ttc1946weinheim.de\/?p=1822","title":{"rendered":"Zug\u00e4nge f\u00fcr die Bundesliga 2019\/20"},"content":{"rendered":"\t\t<div data-elementor-type=\"wp-post\" data-elementor-id=\"1822\" class=\"elementor elementor-1822\">\n\t\t\t\t\t\t<section class=\"elementor-section elementor-top-section elementor-element elementor-element-e116e71 elementor-section-boxed elementor-section-height-default elementor-section-height-default\" data-id=\"e116e71\" data-element_type=\"section\">\n\t\t\t\t\t\t<div class=\"elementor-container elementor-column-gap-default\">\n\t\t\t\t\t<div class=\"elementor-column elementor-col-50 elementor-top-column elementor-element elementor-element-afd2f2c\" data-id=\"afd2f2c\" data-element_type=\"column\">\n\t\t\t<div class=\"elementor-widget-wrap elementor-element-populated\">\n\t\t\t\t\t\t<div class=\"elementor-element elementor-element-85b9e62 elementor-widget elementor-widget-text-editor\" data-id=\"85b9e62\" data-element_type=\"widget\" data-widget_type=\"text-editor.default\">\n\t\t\t\t<div class=\"elementor-widget-container\">\n\t\t\t\t\t\t\t<p><img fetchpriority=\"high\" decoding=\"async\" class=\"alignnone size-full wp-image-1669\" src=\"http:\/\/ttc1946weinheim.de\/wp-content\/uploads\/2019\/04\/IMG-20190224-WA0002.jpg\" alt=\"\" width=\"1062\" height=\"719\" srcset=\"https:\/\/ttc1946weinheim.de\/wp-content\/uploads\/2019\/04\/IMG-20190224-WA0002.jpg 1062w, https:\/\/ttc1946weinheim.de\/wp-content\/uploads\/2019\/04\/IMG-20190224-WA0002-300x203.jpg 300w, https:\/\/ttc1946weinheim.de\/wp-content\/uploads\/2019\/04\/IMG-20190224-WA0002-768x520.jpg 768w, https:\/\/ttc1946weinheim.de\/wp-content\/uploads\/2019\/04\/IMG-20190224-WA0002-1024x693.jpg 1024w\" sizes=\"(max-width: 1062px) 100vw, 1062px\" \/><\/p><p style=\"text-align: center;\"><strong><span style=\"color: #000000;\">Daria Trigolos <\/span><\/strong><\/p><p><span style=\"color: #000000;\"><strong>Bundesliga-Damen verst\u00e4rken sich <\/strong><strong>\u00a0<\/strong><\/span><\/p><p><span style=\"color: #000000;\">Daria Trigolos aus Wei\u00dfrussland wird kommende Saison beim TTC 46 spielen.<\/span><\/p><p><span style=\"color: #000000;\">Die Damen des Tischtennis-Bundesligisten TTC 46 Weinheim haben sich f\u00fcr die Saison 2019\/2020 mit der Wei\u00dfrussin Daria Trigolos eine sehr gute Verst\u00e4rkung an Land ziehen k\u00f6nnen. In dieser Saison spielt sie noch in der polnischen Extra Liga der Damen. Die 1999 geborene Trigolos war der Wunschtransfer von Vorstand Christian S\u00e4ger.<\/span><\/p><p><span style=\"color: #000000;\">Sie verk\u00f6rpert ein f\u00fcr die Zuschauer attraktives Tischtennis gepaart mit viel Willen und Einsatz.<\/span><\/p><p><span style=\"color: #000000;\">Mit ihren 19 Jahren ist sie genauso alt wie Luisa S\u00e4ger und Jennie Wolf, die sich auch bestens von internationalen Turnieren her kennen.<\/span><\/p><p><span style=\"color: #000000;\">Daria Trigolos ist aktuelle Nationalspielerin ihres Landes und tritt bei den im April stattfindenden Weltmeisterschaften in Ungarn als Nummer 2 f\u00fcr ihr Team an.<\/span><\/p><p><span style=\"color: #000000;\">Mit Daria Trigolos ist der TTC 46 in der kommenden Saison noch breiter aufgestellt und kann daher sehr zuversichtlich in die n\u00e4chste Saison gehen.<\/span><\/p>\t\t\t\t\t\t<\/div>\n\t\t\t\t<\/div>\n\t\t\t\t\t<\/div>\n\t\t<\/div>\n\t\t\t\t<div class=\"elementor-column elementor-col-50 elementor-top-column elementor-element elementor-element-ae13d15\" data-id=\"ae13d15\" data-element_type=\"column\">\n\t\t\t<div class=\"elementor-widget-wrap elementor-element-populated\">\n\t\t\t\t\t\t<div class=\"elementor-element elementor-element-133d908 elementor-widget elementor-widget-image\" data-id=\"133d908\" data-element_type=\"widget\" data-widget_type=\"image.default\">\n\t\t\t\t<div class=\"elementor-widget-container\">\n\t\t\t\t\t\t\t\t\t\t\t\t\t<img decoding=\"async\" width=\"540\" height=\"359\" src=\"https:\/\/ttc1946weinheim.de\/wp-content\/uploads\/2019\/04\/FB_IMG_1551849951920-1024x681.jpg\" class=\"attachment-large size-large wp-image-1670\" alt=\"\" srcset=\"https:\/\/ttc1946weinheim.de\/wp-content\/uploads\/2019\/04\/FB_IMG_1551849951920-1024x681.jpg 1024w, https:\/\/ttc1946weinheim.de\/wp-content\/uploads\/2019\/04\/FB_IMG_1551849951920-300x200.jpg 300w, https:\/\/ttc1946weinheim.de\/wp-content\/uploads\/2019\/04\/FB_IMG_1551849951920-768x511.jpg 768w, https:\/\/ttc1946weinheim.de\/wp-content\/uploads\/2019\/04\/FB_IMG_1551849951920.jpg 1082w\" sizes=\"(max-width: 540px) 100vw, 540px\" \/>\t\t\t\t\t\t\t\t\t\t\t\t\t<\/div>\n\t\t\t\t<\/div>\n\t\t\t\t<div class=\"elementor-element elementor-element-e507d7f elementor-widget elementor-widget-text-editor\" data-id=\"e507d7f\" data-element_type=\"widget\" data-widget_type=\"text-editor.default\">\n\t\t\t\t<div class=\"elementor-widget-container\">\n\t\t\t\t\t\t\t<p style=\"text-align: center;\"><strong><span style=\"color: #000000;\"><br \/>Laurens Devos<\/span><\/strong><\/p><p><span style=\"color: #000000;\"><strong>TTC 46 Weinheim verst\u00e4rkt seine Bundesliga Herren<\/strong><\/span><\/p><p><span style=\"color: #000000;\">Laurens Devos hei\u00dft der Neuzugang f\u00fcr die Herren des Tischtennis Bundesligisten TTC 1946 Weinheim f\u00fcr die neue Saison 2019\/2020.<\/span><\/p><p><span style=\"color: #000000;\">Und viele Tischtennis-Kenner erinnern sich bestimmt beim Namen Devos, diesen schon einmal in Weinheim geh\u00f6rt und gesehen zu haben. Laurens ist der j\u00fcngere Bruder von Robin Devos, der von 2012 an drei Jahre f\u00fcr den TTC 46 an die Platten ging. Mittlerweile ist Robin beim Erstbundesligisten aus J\u00fclich am Start und ist amtierender belgischer Nationalspieler seines Landes.<\/span><\/p><p><span style=\"color: #000000;\">Laurens ist 18 Jahre alt und wird beim TTC im vorderen Paarkreuz an den Start gehen. Er ist wie sein Bruder Linksh\u00e4nder und spielt derzeit noch in der ersten belgischen Liga. <\/span><\/p><p><span style=\"color: #000000;\">Nach dem langwierigen Ausfall von Dragan Subotic war der TTC 46 gezwungen zu reagieren, und mit Laurens Devos verpflichtete Vorstand Christian S\u00e4ger einen jungen und sehr ehrgeizigen Spieler, der bestens in die Philosophie des Vereins passt.<\/span><\/p><p><span style=\"color: #000000;\">Laurens hat sehr viele internationale Erfolge in seiner Karriere erreicht. Da er eine leichte Beeintr\u00e4chtigung am Bein hat, nimmt er auch bei den paralympischen Spielen teil. Dabei wurde er im Jahre 2018 Weltmeister in der Klasse 9. In Belgien ist er amtierender Meister der Jungen U 21 und holte mit seinem Team 2016 in Zagreb die Bronzemedaille bei den Jugend-Weltmeisterschaften.<\/span><\/p>\t\t\t\t\t\t<\/div>\n\t\t\t\t<\/div>\n\t\t\t\t\t<\/div>\n\t\t<\/div>\n\t\t\t\t\t<\/div>\n\t\t<\/section>\n\t\t\t\t<\/div>\n\t\t","protected":false},"excerpt":{"rendered":"<p>Daria Trigolos Bundesliga-Damen verst\u00e4rken sich \u00a0 Daria Trigolos aus Wei\u00dfrussland wird kommende Saison beim TTC 46 spielen. Die Damen des Tischtennis-Bundesligisten TTC 46 Weinheim haben sich f\u00fcr die Saison 2019\/2020 mit der Wei\u00dfrussin Daria Trigolos eine sehr gute Verst\u00e4rkung an <a class=\"more-link\" href=\"https:\/\/ttc1946weinheim.de\/?p=1822\">weiterlesen&#8230;<\/a><\/p>\n","protected":false},"author":1,"featured_media":0,"comment_status":"closed","ping_status":"closed","sticky":false,"template":"","format":"standard","meta":[],"categories":[2],"tags":[],"_links":{"self":[{"href":"https:\/\/ttc1946weinheim.de\/index.php?rest_route=\/wp\/v2\/posts\/1822"}],"collection":[{"href":"https:\/\/ttc1946weinheim.de\/index.php?rest_route=\/wp\/v2\/posts"}],"about":[{"href":"https:\/\/ttc1946weinheim.de\/index.php?rest_route=\/wp\/v2\/types\/post"}],"author":[{"embeddable":true,"href":"https:\/\/ttc1946weinheim.de\/index.php?rest_route=\/wp\/v2\/users\/1"}],"replies":[{"embeddable":true,"href":"https:\/\/ttc1946weinheim.de\/index.php?rest_route=%2Fwp%2Fv2%2Fcomments&post=1822"}],"version-history":[{"count":4,"href":"https:\/\/ttc1946weinheim.de\/index.php?rest_route=\/wp\/v2\/posts\/1822\/revisions"}],"predecessor-version":[{"id":1826,"href":"https:\/\/ttc1946weinheim.de\/index.php?rest_route=\/wp\/v2\/posts\/1822\/revisions\/1826"}],"wp:attachment":[{"href":"https:\/\/ttc1946weinheim.de\/index.php?rest_route=%2Fwp%2Fv2%2Fmedia&parent=1822"}],"wp:term":[{"taxonomy":"category","embeddable":true,"href":"https:\/\/ttc1946weinheim.de\/index.php?rest_route=%2Fwp%2Fv2%2Fcategories&post=1822"},{"taxonomy":"post_tag","embeddable":true,"href":"https:\/\/ttc1946weinheim.de\/index.php?rest_route=%2Fwp%2Fv2%2Ftags&post=1822"}],"curies":[{"name":"wp","href":"https:\/\/api.w.org\/{rel}","templated":true}]}}