{"id":3175,"date":"2021-07-22T08:41:23","date_gmt":"2021-07-22T06:41:23","guid":{"rendered":"http:\/\/ttc1946weinheim.de\/?p=3175"},"modified":"2021-07-22T08:41:23","modified_gmt":"2021-07-22T06:41:23","slug":"mitgliederversammlung-2021","status":"publish","type":"post","link":"https:\/\/ttc1946weinheim.de\/?p=3175","title":{"rendered":"Mitgliederversammlung 2021"},"content":{"rendered":"<h3><strong>Kaum Ver\u00e4nderungen im Vorstandsteam<\/strong><\/h3>\n<p>In diesen Zeiten l\u00e4uft im Umfeld alles ein bisschen anders: der urspr\u00fcngliche Termin der Mitgliederversammlung des TTC 46 Weinheim musste verschoben werden, und die Veranstaltung jetzt fand nicht wie \u00fcblich im Keller der Hausbrauerei sondern in der Sporthalle mit entsprechendem Abstand statt. Der Inhalt der Sitzung unterschied sich allerdings kaum.<\/p>\n<p><img fetchpriority=\"high\" decoding=\"async\" class=\"alignnone size-full wp-image-3176 aligncenter\" src=\"http:\/\/ttc1946weinheim.de\/wp-content\/uploads\/2021\/07\/MV21.jpg\" alt=\"\" width=\"900\" height=\"600\" srcset=\"https:\/\/ttc1946weinheim.de\/wp-content\/uploads\/2021\/07\/MV21.jpg 900w, https:\/\/ttc1946weinheim.de\/wp-content\/uploads\/2021\/07\/MV21-300x200.jpg 300w, https:\/\/ttc1946weinheim.de\/wp-content\/uploads\/2021\/07\/MV21-768x512.jpg 768w\" sizes=\"(max-width: 900px) 100vw, 900px\" \/><br \/>\nIm Jahr des 75-j\u00e4hrigen Jubil\u00e4ums konnte Vorstand Christian S\u00e4ger auf die wenigen sportlichen Ereignisse und den Abbruch der letzten Saison zur\u00fcckblicken, machte jedoch Hoffnung auf eine aufregende Runde 2021\/22, vor allem durch den erstmaligen Aufstieg der ersten Damenmannschaft in die h\u00f6chste Liga und den damit verbundenen Auftritten der besten Spielerinnen in unserer Halle.<br \/>\nDurch erh\u00f6htes Sponsoren-Engagement ist dies zu stemmen, wie auch der Bericht des Kassenwartes Christian Z\u00f6llner anschlie\u00dfend best\u00e4tigte.<br \/>\nS\u00e4ger dankte allen Mitgliedern, die sich in ihren \u00c4mtern, beim Spieltag-Aufbau und der Bewirtung f\u00fcr den Verein eingesetzt haben, und wies auf die notwendigen vermehrten Anstrengungen bei verdoppelten Bundesliga-Terminen in der neuen Runde hin.<\/p>\n<p>Auch an Christian S\u00e4ger ging vom Plenum ein herzlicher Dank f\u00fcr inzwischen 25 Jahre h\u00f6chsten Einsatz, den er auch in den n\u00e4chsten zwei Jahren bringen wird, denn er wurde einstimmig wieder als Vorstand gew\u00e4hlt. Zwei Ver\u00e4nderungen gibt es im neuen Vereinsvorstand: Als Ger\u00e4tewart wird sich Ralf Hammer um die Technik k\u00fcmmern, Bernd Gleisner leitet das Vergn\u00fcgungsteam. Mit dem 2.Vorsitzenden und Sportwart Bernd Schafhaupt, dem Kassenwart Christian Z\u00f6llner, dem Schriftwart Boris Klump, dem Jugendwart Alexander Diefenbach, der Damenwartin Anke Haas und dem Pressewart Helmut Holland bleibt das Vorstandsteam ansonsten weitere zwei Jahre im Amt, unterst\u00fctzt von den Beisitzern Julia Weimer, Hans Klump, Karl und Steffen Kreis, J\u00fcrgen Hildenbeutel und Markus St\u00fccker. Die Kasse werden Thorsten Bernauer und Thomas Krug pr\u00fcfen.<\/p>\n<p style=\"text-align: center;\">\n<img decoding=\"async\" class=\"aligncenter wp-image-3177\" src=\"http:\/\/ttc1946weinheim.de\/wp-content\/uploads\/2021\/07\/Vorstand_21-23.jpg\" alt=\"\" width=\"900\" height=\"600\" srcset=\"https:\/\/ttc1946weinheim.de\/wp-content\/uploads\/2021\/07\/Vorstand_21-23.jpg 1200w, https:\/\/ttc1946weinheim.de\/wp-content\/uploads\/2021\/07\/Vorstand_21-23-300x200.jpg 300w, https:\/\/ttc1946weinheim.de\/wp-content\/uploads\/2021\/07\/Vorstand_21-23-768x512.jpg 768w, https:\/\/ttc1946weinheim.de\/wp-content\/uploads\/2021\/07\/Vorstand_21-23-1024x683.jpg 1024w\" sizes=\"(max-width: 900px) 100vw, 900px\" \/><\/p>\n<p style=\"text-align: left;\">Damit ist das Team gut ger\u00fcstet f\u00fcr die kommenden Aufgaben.<\/p>\n","protected":false},"excerpt":{"rendered":"<p>Kaum Ver\u00e4nderungen im Vorstandsteam In diesen Zeiten l\u00e4uft im Umfeld alles ein bisschen anders: der urspr\u00fcngliche Termin der Mitgliederversammlung des TTC 46 Weinheim musste verschoben werden, und die Veranstaltung jetzt fand nicht wie \u00fcblich im Keller der Hausbrauerei sondern in <a class=\"more-link\" href=\"https:\/\/ttc1946weinheim.de\/?p=3175\">weiterlesen&#8230;<\/a><\/p>\n","protected":false},"author":1,"featured_media":0,"comment_status":"closed","ping_status":"closed","sticky":false,"template":"","format":"standard","meta":[],"categories":[1],"tags":[],"_links":{"self":[{"href":"https:\/\/ttc1946weinheim.de\/index.php?rest_route=\/wp\/v2\/posts\/3175"}],"collection":[{"href":"https:\/\/ttc1946weinheim.de\/index.php?rest_route=\/wp\/v2\/posts"}],"about":[{"href":"https:\/\/ttc1946weinheim.de\/index.php?rest_route=\/wp\/v2\/types\/post"}],"author":[{"embeddable":true,"href":"https:\/\/ttc1946weinheim.de\/index.php?rest_route=\/wp\/v2\/users\/1"}],"replies":[{"embeddable":true,"href":"https:\/\/ttc1946weinheim.de\/index.php?rest_route=%2Fwp%2Fv2%2Fcomments&post=3175"}],"version-history":[{"count":1,"href":"https:\/\/ttc1946weinheim.de\/index.php?rest_route=\/wp\/v2\/posts\/3175\/revisions"}],"predecessor-version":[{"id":3178,"href":"https:\/\/ttc1946weinheim.de\/index.php?rest_route=\/wp\/v2\/posts\/3175\/revisions\/3178"}],"wp:attachment":[{"href":"https:\/\/ttc1946weinheim.de\/index.php?rest_route=%2Fwp%2Fv2%2Fmedia&parent=3175"}],"wp:term":[{"taxonomy":"category","embeddable":true,"href":"https:\/\/ttc1946weinheim.de\/index.php?rest_route=%2Fwp%2Fv2%2Fcategories&post=3175"},{"taxonomy":"post_tag","embeddable":true,"href":"https:\/\/ttc1946weinheim.de\/index.php?rest_route=%2Fwp%2Fv2%2Ftags&post=3175"}],"curies":[{"name":"wp","href":"https:\/\/api.w.org\/{rel}","templated":true}]}}